{"id":23735,"date":"2023-01-19T16:42:02","date_gmt":"2023-01-19T16:42:02","guid":{"rendered":"https:\/\/www.padesignart.com\/?p=23735"},"modified":"2023-01-24T16:40:10","modified_gmt":"2023-01-24T16:40:10","slug":"priveekollektie-new-year-group-exhibition","status":"publish","type":"post","link":"https:\/\/www.padesignart.com\/fr\/news\/priveekollektie-new-year-group-exhibition\/","title":{"rendered":"PRIVEEKOLLEKTIE : NEW YEAR GROUP EXPOSITION"},"content":{"rendered":"<p>Priveekollektie Contemporary Art | Design est une importante galerie internationale d&rsquo;art contemporain et fonctionnel. Bas\u00e9e aux Pays-Bas, Priveekollektie travaille activement avec une s\u00e9rie de collectionneurs, repr\u00e9sente des artistes et des designers de renomm\u00e9e internationale, et offre une plateforme aux talents \u00e9mergents pour qu&rsquo;ils puissent pr\u00e9senter leurs pi\u00e8ces exceptionnelles.<br>Priveekollektie, traduit par collection priv\u00e9e, indique la politique et la provenance de la galerie. Le nom transmet la mission de la galerie : aider les collectionneurs \u00e0 constituer leurs collections personnelles d&rsquo;art et de design. Le nom refl\u00e8te \u00e9galement l&rsquo;h\u00e9ritage de la galerie en mati\u00e8re de conservation personnelle et de liens intimes avec les collectionneurs et les artistes.<br>Ouverte en 2006 par les collectionneurs n\u00e9erlandais Irving et Miriam van Dijk, la galerie utilise l&rsquo;approche personnelle des fondateurs, leurs vastes connaissances, leur sens du d\u00e9tail et leur go\u00fbt unique pour fusionner les deux disciplines, l&rsquo;art et le design. Centralis\u00e9es en Europe, leurs expositions exceptionnelles participent chaque ann\u00e9e \u00e0 des foires de renomm\u00e9e internationale \u00e0 Paris, B\u00e2le, Londres, New York et Miami.<\/p>\n\n\n\n<p>Cette ann\u00e9e, Priveekollektie a le plaisir d&rsquo;annoncer l&rsquo;exposition collective du Nouvel An. La galerie pr\u00e9sentera une s\u00e9lection d&rsquo;\u0153uvres d&rsquo;art de jeunes et futurs talents, fra\u00eechement dipl\u00f4m\u00e9s de la Design Academy Eindhoven. Amy Lewis (UK), Chanbyul Park (KR), Sangmin Oh (KR), Seungwhan Ji (KR), Zavier Wong (SGP), sont des artistes invit\u00e9s que Priveekollektie est heureux de montrer au monde. Parmi eux, Amarist studio (ESP) et David Dessens (FR), artistes renomm\u00e9s de Priveekollektie, exposent leurs superbes pi\u00e8ces.&nbsp;<\/p>\n\n\n\n<p><strong>Ouvert du 29 janvier au 12 mars<\/strong><\/p>\n\n\n\n<p><strong>Ev\u00e9nement priv\u00e9 :<\/strong>&nbsp; 29 janvier &#8211; 15h00 \u00e0 17h00 sur invitation.<br><strong>Heures d&rsquo;ouverture g\u00e9n\u00e9rales <\/strong>: Du lundi au jeudi : de 9 \u00e0 17 heures et sur rendez-vous.<br><strong>Ferm\u00e9 :<\/strong>&nbsp;Du 17 au 28 f\u00e9vrier<\/p>\n\n\n\n<p>Pelsestraat 13, 5256 AT, Heusden aan de Maas, Pays-Bas<\/p>\n\n\n\n<p><\/p>","protected":false},"excerpt":{"rendered":"<p>Priveekollektie Contemporary Art | Design est une importante galerie internationale d&rsquo;art contemporain et fonctionnel. Bas\u00e9e aux Pays-Bas, Priveekollektie travaille activement avec une s\u00e9rie de collectionneurs, repr\u00e9sente des artistes et des designers de renomm\u00e9e internationale, et offre une plateforme aux talents \u00e9mergents pour qu&rsquo;ils puissent pr\u00e9senter leurs pi\u00e8ces exceptionnelles.Priveekollektie, traduit par collection priv\u00e9e, indique la politique [&hellip;]<\/p>\n","protected":false},"author":590,"featured_media":23787,"comment_status":"closed","ping_status":"closed","sticky":false,"template":"","format":"standard","meta":{"_acf_changed":false,"footnotes":""},"categories":[217],"tags":[],"class_list":["post-23735","post","type-post","status-publish","format-standard","has-post-thumbnail","hentry","category-announcements"],"acf":[],"aioseo_notices":[],"_links":{"self":[{"href":"https:\/\/www.padesignart.com\/fr\/wp-json\/wp\/v2\/posts\/23735","targetHints":{"allow":["GET"]}}],"collection":[{"href":"https:\/\/www.padesignart.com\/fr\/wp-json\/wp\/v2\/posts"}],"about":[{"href":"https:\/\/www.padesignart.com\/fr\/wp-json\/wp\/v2\/types\/post"}],"author":[{"embeddable":true,"href":"https:\/\/www.padesignart.com\/fr\/wp-json\/wp\/v2\/users\/590"}],"replies":[{"embeddable":true,"href":"https:\/\/www.padesignart.com\/fr\/wp-json\/wp\/v2\/comments?post=23735"}],"version-history":[{"count":7,"href":"https:\/\/www.padesignart.com\/fr\/wp-json\/wp\/v2\/posts\/23735\/revisions"}],"predecessor-version":[{"id":23839,"href":"https:\/\/www.padesignart.com\/fr\/wp-json\/wp\/v2\/posts\/23735\/revisions\/23839"}],"wp:featuredmedia":[{"embeddable":true,"href":"https:\/\/www.padesignart.com\/fr\/wp-json\/wp\/v2\/media\/23787"}],"wp:attachment":[{"href":"https:\/\/www.padesignart.com\/fr\/wp-json\/wp\/v2\/media?parent=23735"}],"wp:term":[{"taxonomy":"category","embeddable":true,"href":"https:\/\/www.padesignart.com\/fr\/wp-json\/wp\/v2\/categories?post=23735"},{"taxonomy":"post_tag","embeddable":true,"href":"https:\/\/www.padesignart.com\/fr\/wp-json\/wp\/v2\/tags?post=23735"}],"curies":[{"name":"wp","href":"https:\/\/api.w.org\/{rel}","templated":true}]}}