{"id":23623,"date":"2023-01-11T10:53:28","date_gmt":"2023-01-11T10:53:28","guid":{"rendered":"https:\/\/www.padesignart.com\/?p=23623"},"modified":"2023-01-11T11:17:04","modified_gmt":"2023-01-11T11:17:04","slug":"maison-parisienne-la-promenade-du-collectionneur-a-lhotel-solvay","status":"publish","type":"post","link":"https:\/\/www.padesignart.com\/fr\/news\/maison-parisienne-la-promenade-du-collectionneur-a-lhotel-solvay\/","title":{"rendered":"MAISON PARISIENNE : \u00ab\u00a0La Promenade du Collectionneur \u00e0 l&rsquo;H\u00f4tel Solvay\u00a0\u00bb"},"content":{"rendered":"<p>Trois ans apr\u00e8s la derni\u00e8re exposition \u00e0 Bruxelles, maison parisienne r\u00e9investit l\u2019H\u00f4tel Solvay pour<br>une nouvelle \u00e9dition de son exposition \u00ab La Promenade du Collectionneur \u00bb. Devenue\u00a0incontournable, cette exposition pr\u00e9sentera sur les trois \u00e9tages de ce lieu exceptionnel, une s\u00e9lection\u00a0d\u2019oeuvres contemporaines r\u00e9alis\u00e9es par une vingtaine d\u2019artistes de la mati\u00e8re.<\/p>\n\n\n\n<p>Uniquement sur\u00a0<a href=\"https:\/\/calendly.com\/maisonparisienne\/1h?month=2023-01\">rendez-vous<\/a>, \u00ab La Promenade du Collectionneur \u00bb aura lieu du 24 au 29 janvier\u00a02023.<\/p>\n\n\n\n<p><strong>La Promenade du Collectionneur<\/strong><br><strong>du 24 au 29 janvier 2023<\/strong><br><em>de 11 \u00e0 19 h<\/em><br><em>Uniquement sur rendez-vous<\/em><\/p>\n\n\n\n<p><em>H\u00f4tel Solvay<\/em><br><em>Avenue Louise 224<\/em><br><em>1050 Bruxelles<\/em><\/p>","protected":false},"excerpt":{"rendered":"<p>Trois ans apr\u00e8s la derni\u00e8re exposition \u00e0 Bruxelles, maison parisienne r\u00e9investit l\u2019H\u00f4tel Solvay pourune nouvelle \u00e9dition de son exposition \u00ab La Promenade du Collectionneur \u00bb. Devenue\u00a0incontournable, cette exposition pr\u00e9sentera sur les trois \u00e9tages de ce lieu exceptionnel, une s\u00e9lection\u00a0d\u2019oeuvres contemporaines r\u00e9alis\u00e9es par une vingtaine d\u2019artistes de la mati\u00e8re. Uniquement sur\u00a0rendez-vous, \u00ab La Promenade du Collectionneur [&hellip;]<\/p>\n","protected":false},"author":590,"featured_media":23624,"comment_status":"closed","ping_status":"closed","sticky":false,"template":"","format":"standard","meta":{"_acf_changed":false,"footnotes":""},"categories":[217],"tags":[],"class_list":["post-23623","post","type-post","status-publish","format-standard","has-post-thumbnail","hentry","category-announcements"],"acf":[],"aioseo_notices":[],"_links":{"self":[{"href":"https:\/\/www.padesignart.com\/fr\/wp-json\/wp\/v2\/posts\/23623","targetHints":{"allow":["GET"]}}],"collection":[{"href":"https:\/\/www.padesignart.com\/fr\/wp-json\/wp\/v2\/posts"}],"about":[{"href":"https:\/\/www.padesignart.com\/fr\/wp-json\/wp\/v2\/types\/post"}],"author":[{"embeddable":true,"href":"https:\/\/www.padesignart.com\/fr\/wp-json\/wp\/v2\/users\/590"}],"replies":[{"embeddable":true,"href":"https:\/\/www.padesignart.com\/fr\/wp-json\/wp\/v2\/comments?post=23623"}],"version-history":[{"count":3,"href":"https:\/\/www.padesignart.com\/fr\/wp-json\/wp\/v2\/posts\/23623\/revisions"}],"predecessor-version":[{"id":23632,"href":"https:\/\/www.padesignart.com\/fr\/wp-json\/wp\/v2\/posts\/23623\/revisions\/23632"}],"wp:featuredmedia":[{"embeddable":true,"href":"https:\/\/www.padesignart.com\/fr\/wp-json\/wp\/v2\/media\/23624"}],"wp:attachment":[{"href":"https:\/\/www.padesignart.com\/fr\/wp-json\/wp\/v2\/media?parent=23623"}],"wp:term":[{"taxonomy":"category","embeddable":true,"href":"https:\/\/www.padesignart.com\/fr\/wp-json\/wp\/v2\/categories?post=23623"},{"taxonomy":"post_tag","embeddable":true,"href":"https:\/\/www.padesignart.com\/fr\/wp-json\/wp\/v2\/tags?post=23623"}],"curies":[{"name":"wp","href":"https:\/\/api.w.org\/{rel}","templated":true}]}}