{"id":23599,"date":"2023-01-06T08:49:33","date_gmt":"2023-01-06T08:49:33","guid":{"rendered":"https:\/\/www.padesignart.com\/?p=23599"},"modified":"2023-01-06T08:52:25","modified_gmt":"2023-01-06T08:52:25","slug":"remix-gallery-pierre-sala-premiere","status":"publish","type":"post","link":"https:\/\/www.padesignart.com\/fr\/news\/remix-gallery-pierre-sala-premiere\/","title":{"rendered":"REMIX GALLERY : \u00ab\u00a0Pierre Sala : Premi\u00e8re\u00a0\u00bb"},"content":{"rendered":"<p>Coup de th\u00e9\u00e2tre\u00a0! Nouvel acte d\u00e9but 2023\u00a0: Pierre Sala, Premi\u00e8re\u00a0! Pour la premi\u00e8re fois, la\u00a0<strong>Galerie Mercier<\/strong>\u00a0&#8211; sp\u00e9cialis\u00e9e en architecture, design et arts d\u00e9coratifs du XX\u00e8me si\u00e8cle -,\u00a0<strong>Remix Gallery<\/strong>\u00a0\u2013 galerie pionni\u00e8re dans la valorisation du design fran\u00e7ais des ann\u00e9es 80 -,\u00a0<strong>Sentimental fx<\/strong>\u00a0\u2013 projet d\u00e9di\u00e9 au design des ann\u00e9es 80-90 et \u00e0 la cr\u00e9ation contemporaine &#8211; et\u00a0<strong>Hugo Abraham<\/strong>\u00a0\u2013 sp\u00e9cialiste du design des ann\u00e9es 80 &#8211; s\u2019associent et organisent une exposition manifeste consacr\u00e9e \u00e0 l\u2019\u0153uvre de Pierre Sala.<\/p>\n\n\n\n<p><strong>Du 26 janvier au 25 mars 2023<\/strong>,\u00a0<strong>l\u2019exposition<\/strong>\u00a0<strong>\u201c\u00a0Pierre Sala\u00a0: Premi\u00e8re\u00a0\u201d<\/strong>\u00a0rassemblera une s\u00e9lection document\u00e9e d\u2019une quarantaine de pi\u00e8ces rares et originales de Pierre Sala. A cette occasion, la galerie Mercier se transformera en une sc\u00e8ne de com\u00e9die pour se rappeler, sourire aux l\u00e8vres, qu\u2019\u201c\u00a0une \u0153uvre d\u2019art est plus importante qu\u2019un r\u00e9frig\u00e9rateur \u201d.<\/p>\n\n\n\n<p><strong>Ouverture jeudi 26 janvier, 17:00 &#8211; 21:00<\/strong><\/p>\n\n\n\n<p><strong>Galerie Mercier &amp; Associ\u00e9s<\/strong><br>3, rue Dupont-de-l\u2019Eure, 75020 Paris<br>Jeudi, vendredi, samedi de 14:00 \u00e0 19:00 et sur rendez-vous<\/p>\n\n\n\n<p><\/p>","protected":false},"excerpt":{"rendered":"<p>Coup de th\u00e9\u00e2tre\u00a0! Nouvel acte d\u00e9but 2023\u00a0: Pierre Sala, Premi\u00e8re\u00a0! Pour la premi\u00e8re fois, la\u00a0Galerie Mercier\u00a0&#8211; sp\u00e9cialis\u00e9e en architecture, design et arts d\u00e9coratifs du XX\u00e8me si\u00e8cle -,\u00a0Remix Gallery\u00a0\u2013 galerie pionni\u00e8re dans la valorisation du design fran\u00e7ais des ann\u00e9es 80 -,\u00a0Sentimental fx\u00a0\u2013 projet d\u00e9di\u00e9 au design des ann\u00e9es 80-90 et \u00e0 la cr\u00e9ation contemporaine &#8211; et\u00a0Hugo [&hellip;]<\/p>\n","protected":false},"author":590,"featured_media":23600,"comment_status":"closed","ping_status":"closed","sticky":false,"template":"","format":"standard","meta":{"_acf_changed":false,"footnotes":""},"categories":[1],"tags":[],"class_list":["post-23599","post","type-post","status-publish","format-standard","has-post-thumbnail","hentry","category-uncategorised"],"acf":[],"aioseo_notices":[],"_links":{"self":[{"href":"https:\/\/www.padesignart.com\/fr\/wp-json\/wp\/v2\/posts\/23599","targetHints":{"allow":["GET"]}}],"collection":[{"href":"https:\/\/www.padesignart.com\/fr\/wp-json\/wp\/v2\/posts"}],"about":[{"href":"https:\/\/www.padesignart.com\/fr\/wp-json\/wp\/v2\/types\/post"}],"author":[{"embeddable":true,"href":"https:\/\/www.padesignart.com\/fr\/wp-json\/wp\/v2\/users\/590"}],"replies":[{"embeddable":true,"href":"https:\/\/www.padesignart.com\/fr\/wp-json\/wp\/v2\/comments?post=23599"}],"version-history":[{"count":3,"href":"https:\/\/www.padesignart.com\/fr\/wp-json\/wp\/v2\/posts\/23599\/revisions"}],"predecessor-version":[{"id":23605,"href":"https:\/\/www.padesignart.com\/fr\/wp-json\/wp\/v2\/posts\/23599\/revisions\/23605"}],"wp:featuredmedia":[{"embeddable":true,"href":"https:\/\/www.padesignart.com\/fr\/wp-json\/wp\/v2\/media\/23600"}],"wp:attachment":[{"href":"https:\/\/www.padesignart.com\/fr\/wp-json\/wp\/v2\/media?parent=23599"}],"wp:term":[{"taxonomy":"category","embeddable":true,"href":"https:\/\/www.padesignart.com\/fr\/wp-json\/wp\/v2\/categories?post=23599"},{"taxonomy":"post_tag","embeddable":true,"href":"https:\/\/www.padesignart.com\/fr\/wp-json\/wp\/v2\/tags?post=23599"}],"curies":[{"name":"wp","href":"https:\/\/api.w.org\/{rel}","templated":true}]}}