{"id":22963,"date":"2022-09-14T09:54:21","date_gmt":"2022-09-14T08:54:21","guid":{"rendered":"https:\/\/www.padesignart.com\/?p=22963"},"modified":"2022-09-14T09:55:32","modified_gmt":"2022-09-14T08:55:32","slug":"helene-bailly-gallery-lart-de-1940-a-nos-jours","status":"publish","type":"post","link":"https:\/\/www.padesignart.com\/fr\/news\/helene-bailly-gallery-lart-de-1940-a-nos-jours\/","title":{"rendered":"HELENE BAILLY GALLERY&nbsp;: L\u2019ART DE 1940 A NOS JOURS&nbsp;"},"content":{"rendered":"<p>L&rsquo;Art d&rsquo;apr\u00e8s-guerre d\u00e9finit une p\u00e9riode esth\u00e9tique et historique \u00e0 part enti\u00e8re mais introduit \u00e9galement la notion d\u2019Art contemporain.<\/p>\n\n\n\n<p>Bien que diversifi\u00e9, ce groupe d&rsquo;artistes a tent\u00e9 de r\u00e9tablir son identit\u00e9 et de faire face au traumatisme de la Seconde Guerre mondiale, au d\u00e9but de la guerre froide et au d\u00e9placement du centre n\u00e9vralgique de l&rsquo;art de New York \u00e0 Paris.<\/p>\n\n\n\n<p>L&rsquo;Europe d&rsquo;apr\u00e8s-guerre a vu ses artistes, qu&rsquo;ils soient \u00e9tablis ou qu&rsquo;ils fassent leurs premi\u00e8res apparitions dans le monde de l&rsquo;art, \u00e9voluer et \u00eatre mis au d\u00e9fi. Remettant en question la beaut\u00e9 et l&rsquo;esth\u00e9tique, mais aussi le r\u00f4le m\u00eame de l&rsquo;artiste et l&rsquo;impact de la cr\u00e9ation artistique. Avec un monde divis\u00e9 en deux et un centre artistique oscillant entre Paris et New York, cette \u00e9poque ne pouvait que donner naissance \u00e0 des artistes d&rsquo;une cr\u00e9ativit\u00e9 remarquable.<\/p>\n\n\n\n<p>Du 2 septembre au 4 novembre 2022&nbsp;<\/p>\n\n\n\n<p>71, RUE DU FAUBOURG SAINT-HONOR\u00c9, 75 008 PARIS\u00a0<br>Du lundi au samedi\u00a0: 10h \u2013 19h<\/p>\n\n\n\n<p>Instagram <a href=\"https:\/\/www.instagram.com\/helenebaillygallery\/\" target=\"_blank\" rel=\"noopener\">@helenebaillygallery<\/a><\/p>","protected":false},"excerpt":{"rendered":"<p>L&rsquo;Art d&rsquo;apr\u00e8s-guerre d\u00e9finit une p\u00e9riode esth\u00e9tique et historique \u00e0 part enti\u00e8re mais introduit \u00e9galement la notion d\u2019Art contemporain. Bien que diversifi\u00e9, ce groupe d&rsquo;artistes a tent\u00e9 de r\u00e9tablir son identit\u00e9 et de faire face au traumatisme de la Seconde Guerre mondiale, au d\u00e9but de la guerre froide et au d\u00e9placement du centre n\u00e9vralgique de l&rsquo;art [&hellip;]<\/p>\n","protected":false},"author":590,"featured_media":22964,"comment_status":"closed","ping_status":"closed","sticky":false,"template":"","format":"standard","meta":{"_acf_changed":false,"footnotes":""},"categories":[217],"tags":[],"class_list":["post-22963","post","type-post","status-publish","format-standard","has-post-thumbnail","hentry","category-announcements"],"acf":[],"aioseo_notices":[],"_links":{"self":[{"href":"https:\/\/www.padesignart.com\/fr\/wp-json\/wp\/v2\/posts\/22963","targetHints":{"allow":["GET"]}}],"collection":[{"href":"https:\/\/www.padesignart.com\/fr\/wp-json\/wp\/v2\/posts"}],"about":[{"href":"https:\/\/www.padesignart.com\/fr\/wp-json\/wp\/v2\/types\/post"}],"author":[{"embeddable":true,"href":"https:\/\/www.padesignart.com\/fr\/wp-json\/wp\/v2\/users\/590"}],"replies":[{"embeddable":true,"href":"https:\/\/www.padesignart.com\/fr\/wp-json\/wp\/v2\/comments?post=22963"}],"version-history":[{"count":3,"href":"https:\/\/www.padesignart.com\/fr\/wp-json\/wp\/v2\/posts\/22963\/revisions"}],"predecessor-version":[{"id":22968,"href":"https:\/\/www.padesignart.com\/fr\/wp-json\/wp\/v2\/posts\/22963\/revisions\/22968"}],"wp:featuredmedia":[{"embeddable":true,"href":"https:\/\/www.padesignart.com\/fr\/wp-json\/wp\/v2\/media\/22964"}],"wp:attachment":[{"href":"https:\/\/www.padesignart.com\/fr\/wp-json\/wp\/v2\/media?parent=22963"}],"wp:term":[{"taxonomy":"category","embeddable":true,"href":"https:\/\/www.padesignart.com\/fr\/wp-json\/wp\/v2\/categories?post=22963"},{"taxonomy":"post_tag","embeddable":true,"href":"https:\/\/www.padesignart.com\/fr\/wp-json\/wp\/v2\/tags?post=22963"}],"curies":[{"name":"wp","href":"https:\/\/api.w.org\/{rel}","templated":true}]}}